{"id":2703,"date":"2023-12-06T16:31:31","date_gmt":"2023-12-06T16:31:31","guid":{"rendered":"https:\/\/coreplus.wpengine.com\/posts\/mes-de-concientizacion-sobre-el-cancer-cervical\/"},"modified":"2024-04-04T18:05:50","modified_gmt":"2024-04-04T18:05:50","slug":"mes-de-concientizacion-sobre-el-cancer-cervical","status":"publish","type":"post","link":"https:\/\/corepluspr.com\/es\/posts\/mes-de-concientizacion-sobre-el-cancer-cervical\/","title":{"rendered":"Abril: Mes de Concienciaci\u00f3n sobre las Infecciones de Transmisi\u00f3n Sexual"},"content":{"rendered":"\n<p>Bienvenidos al mes de concienciaci\u00f3n sobre las Infecciones de Transmisi\u00f3n Sexual (ITS). En CorePlus, nos tomamos muy en serio la salud sexual y queremos recordarte la importancia de mantener un enfoque preventivo hacia tu bienestar.<\/p>\n\n<p>Las ITS son un tema de salud p\u00fablica que afecta a personas de todas las edades y g\u00e9neros. La buena noticia es que muchas de estas infecciones son prevenibles y tratables con la detecci\u00f3n temprana y el tratamiento adecuado.<\/p>\n\n<p>Nuestros laboratorios ofrecen una amplia gama de pruebas para detectar ITS, incluyendo pruebas de VIH, clamidia, gonorrea, s\u00edfilis y otras infecciones comunes. Estas pruebas son r\u00e1pidas, confiables y confidenciales, y pueden ayudarte a tomar el control de tu salud sexual.<\/p>\n\n<p>Recuerda que la prevenci\u00f3n es fundamental. Adem\u00e1s de hacerte pruebas regularmente, te recomendamos hablar abiertamente con tu m\u00e9dico sobre tu historial sexual. La educaci\u00f3n es una herramienta poderosa para protegerte a ti mismo y a tus seres queridos.<\/p>\n\n<p>Si tienes preguntas o necesitas m\u00e1s informaci\u00f3n sobre las ITS o las pruebas disponibles en CorePlus, no dudes en contactarnos.<\/p>\n\n<p>\u00a1Somos parte de la prevenci\u00f3n de las Infecciones de Transmisi\u00f3n Sexual!<\/p>\n\n<p>Sources: Centros para el Control y la Prevenci\u00f3n de Enfermedades (CDC): <a href=\"http:\/\/www.cdc.gov\/std\/\">www.cdc.gov\/std\/<\/a><\/p>\n","protected":false},"excerpt":{"rendered":"<p>Las ITS son un tema de salud p\u00fablica que afecta a personas de todas las edades y g\u00e9neros.<\/p>\n","protected":false},"author":1,"featured_media":3436,"comment_status":"closed","ping_status":"open","sticky":false,"template":"","format":"standard","meta":{"_acf_changed":false,"footnotes":""},"categories":[56],"tags":[67],"class_list":["post-2703","post","type-post","status-publish","format-standard","has-post-thumbnail","hentry","category-mes-de-concientizacion","tag-feature"],"acf":[],"yoast_head":"<!-- This site is optimized with the Yoast SEO plugin v27.1.1 - https:\/\/yoast.com\/product\/yoast-seo-wordpress\/ -->\n<title>Abril: Mes de Concienciaci\u00f3n sobre las Infecciones de Transmisi\u00f3n Sexual - CorePlus<\/title>\n<meta name=\"robots\" content=\"index, follow, max-snippet:-1, max-image-preview:large, max-video-preview:-1\" \/>\n<link rel=\"canonical\" href=\"https:\/\/corepluspr.com\/es\/posts\/mes-de-concientizacion-sobre-el-cancer-cervical\/\" \/>\n<meta property=\"og:locale\" content=\"es_ES\" \/>\n<meta property=\"og:type\" content=\"article\" \/>\n<meta property=\"og:title\" content=\"Abril: Mes de Concienciaci\u00f3n sobre las Infecciones de Transmisi\u00f3n Sexual - CorePlus\" \/>\n<meta property=\"og:description\" content=\"Las ITS son un tema de salud p\u00fablica que afecta a personas de todas las edades y g\u00e9neros.\" \/>\n<meta property=\"og:url\" content=\"https:\/\/corepluspr.com\/es\/posts\/mes-de-concientizacion-sobre-el-cancer-cervical\/\" \/>\n<meta property=\"og:site_name\" content=\"CorePlus\" \/>\n<meta property=\"article:publisher\" content=\"https:\/\/www.facebook.com\/corepluspr\" \/>\n<meta property=\"article:published_time\" content=\"2023-12-06T16:31:31+00:00\" \/>\n<meta property=\"article:modified_time\" content=\"2024-04-04T18:05:50+00:00\" \/>\n<meta property=\"og:image\" content=\"https:\/\/corepluspr.com\/wp-content\/uploads\/2023\/12\/sti-for-web-1024x1024.jpeg\" \/>\n\t<meta property=\"og:image:width\" content=\"1024\" \/>\n\t<meta property=\"og:image:height\" content=\"1024\" \/>\n\t<meta property=\"og:image:type\" content=\"image\/jpeg\" \/>\n<meta name=\"author\" content=\"gara12\" \/>\n<meta name=\"twitter:card\" content=\"summary_large_image\" \/>\n<meta name=\"twitter:creator\" content=\"@corepluspr\" \/>\n<meta name=\"twitter:site\" content=\"@corepluspr\" \/>\n<meta name=\"twitter:label1\" content=\"Escrito por\" \/>\n\t<meta name=\"twitter:data1\" content=\"gara12\" \/>\n\t<meta name=\"twitter:label2\" content=\"Tiempo de lectura\" \/>\n\t<meta name=\"twitter:data2\" content=\"1 minuto\" \/>\n<script type=\"application\/ld+json\" class=\"yoast-schema-graph\">{\"@context\":\"https:\/\/schema.org\",\"@graph\":[{\"@type\":\"Article\",\"@id\":\"https:\/\/corepluspr.com\/es\/posts\/mes-de-concientizacion-sobre-el-cancer-cervical\/#article\",\"isPartOf\":{\"@id\":\"https:\/\/corepluspr.com\/es\/posts\/mes-de-concientizacion-sobre-el-cancer-cervical\/\"},\"author\":{\"name\":\"gara12\",\"@id\":\"https:\/\/corepluspr.com\/#\/schema\/person\/7d3f1349f693766a1f8668fd1769cf4e\"},\"headline\":\"Abril: Mes de Concienciaci\u00f3n sobre las Infecciones de Transmisi\u00f3n Sexual\",\"datePublished\":\"2023-12-06T16:31:31+00:00\",\"dateModified\":\"2024-04-04T18:05:50+00:00\",\"mainEntityOfPage\":{\"@id\":\"https:\/\/corepluspr.com\/es\/posts\/mes-de-concientizacion-sobre-el-cancer-cervical\/\"},\"wordCount\":226,\"publisher\":{\"@id\":\"https:\/\/corepluspr.com\/#organization\"},\"image\":{\"@id\":\"https:\/\/corepluspr.com\/es\/posts\/mes-de-concientizacion-sobre-el-cancer-cervical\/#primaryimage\"},\"thumbnailUrl\":\"https:\/\/corepluspr.com\/wp-content\/uploads\/2023\/12\/sti-for-web.jpeg\",\"keywords\":[\"feature\"],\"articleSection\":[\"Mes de Concientizaci\u00f3n\"],\"inLanguage\":\"es\"},{\"@type\":\"WebPage\",\"@id\":\"https:\/\/corepluspr.com\/es\/posts\/mes-de-concientizacion-sobre-el-cancer-cervical\/\",\"url\":\"https:\/\/corepluspr.com\/es\/posts\/mes-de-concientizacion-sobre-el-cancer-cervical\/\",\"name\":\"Abril: Mes de Concienciaci\u00f3n sobre las Infecciones de Transmisi\u00f3n Sexual - CorePlus\",\"isPartOf\":{\"@id\":\"https:\/\/corepluspr.com\/#website\"},\"primaryImageOfPage\":{\"@id\":\"https:\/\/corepluspr.com\/es\/posts\/mes-de-concientizacion-sobre-el-cancer-cervical\/#primaryimage\"},\"image\":{\"@id\":\"https:\/\/corepluspr.com\/es\/posts\/mes-de-concientizacion-sobre-el-cancer-cervical\/#primaryimage\"},\"thumbnailUrl\":\"https:\/\/corepluspr.com\/wp-content\/uploads\/2023\/12\/sti-for-web.jpeg\",\"datePublished\":\"2023-12-06T16:31:31+00:00\",\"dateModified\":\"2024-04-04T18:05:50+00:00\",\"breadcrumb\":{\"@id\":\"https:\/\/corepluspr.com\/es\/posts\/mes-de-concientizacion-sobre-el-cancer-cervical\/#breadcrumb\"},\"inLanguage\":\"es\",\"potentialAction\":[{\"@type\":\"ReadAction\",\"target\":[\"https:\/\/corepluspr.com\/es\/posts\/mes-de-concientizacion-sobre-el-cancer-cervical\/\"]}]},{\"@type\":\"ImageObject\",\"inLanguage\":\"es\",\"@id\":\"https:\/\/corepluspr.com\/es\/posts\/mes-de-concientizacion-sobre-el-cancer-cervical\/#primaryimage\",\"url\":\"https:\/\/corepluspr.com\/wp-content\/uploads\/2023\/12\/sti-for-web.jpeg\",\"contentUrl\":\"https:\/\/corepluspr.com\/wp-content\/uploads\/2023\/12\/sti-for-web.jpeg\",\"width\":1920,\"height\":1920,\"caption\":\"STIs are a public health issue that affects people of all ages and genders.\"},{\"@type\":\"BreadcrumbList\",\"@id\":\"https:\/\/corepluspr.com\/es\/posts\/mes-de-concientizacion-sobre-el-cancer-cervical\/#breadcrumb\",\"itemListElement\":[{\"@type\":\"ListItem\",\"position\":1,\"name\":\"Home\",\"item\":\"https:\/\/corepluspr.com\/es\/inicio\/\"},{\"@type\":\"ListItem\",\"position\":2,\"name\":\"Abril: Mes de Concienciaci\u00f3n sobre las Infecciones de Transmisi\u00f3n Sexual\"}]},{\"@type\":\"WebSite\",\"@id\":\"https:\/\/corepluspr.com\/#website\",\"url\":\"https:\/\/corepluspr.com\/\",\"name\":\"CorePlus\",\"description\":\"A Global Leader in Precision Pathology and Laboratory Testing\",\"publisher\":{\"@id\":\"https:\/\/corepluspr.com\/#organization\"},\"potentialAction\":[{\"@type\":\"SearchAction\",\"target\":{\"@type\":\"EntryPoint\",\"urlTemplate\":\"https:\/\/corepluspr.com\/?s={search_term_string}\"},\"query-input\":{\"@type\":\"PropertyValueSpecification\",\"valueRequired\":true,\"valueName\":\"search_term_string\"}}],\"inLanguage\":\"es\"},{\"@type\":\"Organization\",\"@id\":\"https:\/\/corepluspr.com\/#organization\",\"name\":\"CorePlus\",\"url\":\"https:\/\/corepluspr.com\/\",\"logo\":{\"@type\":\"ImageObject\",\"inLanguage\":\"es\",\"@id\":\"https:\/\/corepluspr.com\/#\/schema\/logo\/image\/\",\"url\":\"https:\/\/corepluspr.com\/wp-content\/uploads\/2023\/08\/CP_logo-9.png\",\"contentUrl\":\"https:\/\/corepluspr.com\/wp-content\/uploads\/2023\/08\/CP_logo-9.png\",\"width\":600,\"height\":600,\"caption\":\"CorePlus\"},\"image\":{\"@id\":\"https:\/\/corepluspr.com\/#\/schema\/logo\/image\/\"},\"sameAs\":[\"https:\/\/www.facebook.com\/corepluspr\",\"https:\/\/x.com\/corepluspr\",\"https:\/\/www.instagram.com\/corepluspr\/\",\"https:\/\/www.youtube.com\/@corepluspr\",\"https:\/\/www.linkedin.com\/company\/corepluspr\"]},{\"@type\":\"Person\",\"@id\":\"https:\/\/corepluspr.com\/#\/schema\/person\/7d3f1349f693766a1f8668fd1769cf4e\",\"name\":\"gara12\",\"image\":{\"@type\":\"ImageObject\",\"inLanguage\":\"es\",\"@id\":\"https:\/\/corepluspr.com\/#\/schema\/person\/image\/\",\"url\":\"https:\/\/secure.gravatar.com\/avatar\/bdba659dc1da3abff3010f8896bda5cae3ac7987bcdcf33d51c96240435c36da?s=96&d=mm&r=g\",\"contentUrl\":\"https:\/\/secure.gravatar.com\/avatar\/bdba659dc1da3abff3010f8896bda5cae3ac7987bcdcf33d51c96240435c36da?s=96&d=mm&r=g\",\"caption\":\"gara12\"},\"sameAs\":[\"https:\/\/coreplus.wpengine.com\"],\"url\":\"https:\/\/corepluspr.com\/es\/posts\/author\/gara12\/\"}]}<\/script>\n<!-- \/ Yoast SEO plugin. -->","yoast_head_json":{"title":"Abril: Mes de Concienciaci\u00f3n sobre las Infecciones de Transmisi\u00f3n Sexual - CorePlus","robots":{"index":"index","follow":"follow","max-snippet":"max-snippet:-1","max-image-preview":"max-image-preview:large","max-video-preview":"max-video-preview:-1"},"canonical":"https:\/\/corepluspr.com\/es\/posts\/mes-de-concientizacion-sobre-el-cancer-cervical\/","og_locale":"es_ES","og_type":"article","og_title":"Abril: Mes de Concienciaci\u00f3n sobre las Infecciones de Transmisi\u00f3n Sexual - CorePlus","og_description":"Las ITS son un tema de salud p\u00fablica que afecta a personas de todas las edades y g\u00e9neros.","og_url":"https:\/\/corepluspr.com\/es\/posts\/mes-de-concientizacion-sobre-el-cancer-cervical\/","og_site_name":"CorePlus","article_publisher":"https:\/\/www.facebook.com\/corepluspr","article_published_time":"2023-12-06T16:31:31+00:00","article_modified_time":"2024-04-04T18:05:50+00:00","og_image":[{"width":1024,"height":1024,"url":"https:\/\/corepluspr.com\/wp-content\/uploads\/2023\/12\/sti-for-web-1024x1024.jpeg","type":"image\/jpeg"}],"author":"gara12","twitter_card":"summary_large_image","twitter_creator":"@corepluspr","twitter_site":"@corepluspr","twitter_misc":{"Escrito por":"gara12","Tiempo de lectura":"1 minuto"},"schema":{"@context":"https:\/\/schema.org","@graph":[{"@type":"Article","@id":"https:\/\/corepluspr.com\/es\/posts\/mes-de-concientizacion-sobre-el-cancer-cervical\/#article","isPartOf":{"@id":"https:\/\/corepluspr.com\/es\/posts\/mes-de-concientizacion-sobre-el-cancer-cervical\/"},"author":{"name":"gara12","@id":"https:\/\/corepluspr.com\/#\/schema\/person\/7d3f1349f693766a1f8668fd1769cf4e"},"headline":"Abril: Mes de Concienciaci\u00f3n sobre las Infecciones de Transmisi\u00f3n Sexual","datePublished":"2023-12-06T16:31:31+00:00","dateModified":"2024-04-04T18:05:50+00:00","mainEntityOfPage":{"@id":"https:\/\/corepluspr.com\/es\/posts\/mes-de-concientizacion-sobre-el-cancer-cervical\/"},"wordCount":226,"publisher":{"@id":"https:\/\/corepluspr.com\/#organization"},"image":{"@id":"https:\/\/corepluspr.com\/es\/posts\/mes-de-concientizacion-sobre-el-cancer-cervical\/#primaryimage"},"thumbnailUrl":"https:\/\/corepluspr.com\/wp-content\/uploads\/2023\/12\/sti-for-web.jpeg","keywords":["feature"],"articleSection":["Mes de Concientizaci\u00f3n"],"inLanguage":"es"},{"@type":"WebPage","@id":"https:\/\/corepluspr.com\/es\/posts\/mes-de-concientizacion-sobre-el-cancer-cervical\/","url":"https:\/\/corepluspr.com\/es\/posts\/mes-de-concientizacion-sobre-el-cancer-cervical\/","name":"Abril: Mes de Concienciaci\u00f3n sobre las Infecciones de Transmisi\u00f3n Sexual - CorePlus","isPartOf":{"@id":"https:\/\/corepluspr.com\/#website"},"primaryImageOfPage":{"@id":"https:\/\/corepluspr.com\/es\/posts\/mes-de-concientizacion-sobre-el-cancer-cervical\/#primaryimage"},"image":{"@id":"https:\/\/corepluspr.com\/es\/posts\/mes-de-concientizacion-sobre-el-cancer-cervical\/#primaryimage"},"thumbnailUrl":"https:\/\/corepluspr.com\/wp-content\/uploads\/2023\/12\/sti-for-web.jpeg","datePublished":"2023-12-06T16:31:31+00:00","dateModified":"2024-04-04T18:05:50+00:00","breadcrumb":{"@id":"https:\/\/corepluspr.com\/es\/posts\/mes-de-concientizacion-sobre-el-cancer-cervical\/#breadcrumb"},"inLanguage":"es","potentialAction":[{"@type":"ReadAction","target":["https:\/\/corepluspr.com\/es\/posts\/mes-de-concientizacion-sobre-el-cancer-cervical\/"]}]},{"@type":"ImageObject","inLanguage":"es","@id":"https:\/\/corepluspr.com\/es\/posts\/mes-de-concientizacion-sobre-el-cancer-cervical\/#primaryimage","url":"https:\/\/corepluspr.com\/wp-content\/uploads\/2023\/12\/sti-for-web.jpeg","contentUrl":"https:\/\/corepluspr.com\/wp-content\/uploads\/2023\/12\/sti-for-web.jpeg","width":1920,"height":1920,"caption":"STIs are a public health issue that affects people of all ages and genders."},{"@type":"BreadcrumbList","@id":"https:\/\/corepluspr.com\/es\/posts\/mes-de-concientizacion-sobre-el-cancer-cervical\/#breadcrumb","itemListElement":[{"@type":"ListItem","position":1,"name":"Home","item":"https:\/\/corepluspr.com\/es\/inicio\/"},{"@type":"ListItem","position":2,"name":"Abril: Mes de Concienciaci\u00f3n sobre las Infecciones de Transmisi\u00f3n Sexual"}]},{"@type":"WebSite","@id":"https:\/\/corepluspr.com\/#website","url":"https:\/\/corepluspr.com\/","name":"CorePlus","description":"A Global Leader in Precision Pathology and Laboratory Testing","publisher":{"@id":"https:\/\/corepluspr.com\/#organization"},"potentialAction":[{"@type":"SearchAction","target":{"@type":"EntryPoint","urlTemplate":"https:\/\/corepluspr.com\/?s={search_term_string}"},"query-input":{"@type":"PropertyValueSpecification","valueRequired":true,"valueName":"search_term_string"}}],"inLanguage":"es"},{"@type":"Organization","@id":"https:\/\/corepluspr.com\/#organization","name":"CorePlus","url":"https:\/\/corepluspr.com\/","logo":{"@type":"ImageObject","inLanguage":"es","@id":"https:\/\/corepluspr.com\/#\/schema\/logo\/image\/","url":"https:\/\/corepluspr.com\/wp-content\/uploads\/2023\/08\/CP_logo-9.png","contentUrl":"https:\/\/corepluspr.com\/wp-content\/uploads\/2023\/08\/CP_logo-9.png","width":600,"height":600,"caption":"CorePlus"},"image":{"@id":"https:\/\/corepluspr.com\/#\/schema\/logo\/image\/"},"sameAs":["https:\/\/www.facebook.com\/corepluspr","https:\/\/x.com\/corepluspr","https:\/\/www.instagram.com\/corepluspr\/","https:\/\/www.youtube.com\/@corepluspr","https:\/\/www.linkedin.com\/company\/corepluspr"]},{"@type":"Person","@id":"https:\/\/corepluspr.com\/#\/schema\/person\/7d3f1349f693766a1f8668fd1769cf4e","name":"gara12","image":{"@type":"ImageObject","inLanguage":"es","@id":"https:\/\/corepluspr.com\/#\/schema\/person\/image\/","url":"https:\/\/secure.gravatar.com\/avatar\/bdba659dc1da3abff3010f8896bda5cae3ac7987bcdcf33d51c96240435c36da?s=96&d=mm&r=g","contentUrl":"https:\/\/secure.gravatar.com\/avatar\/bdba659dc1da3abff3010f8896bda5cae3ac7987bcdcf33d51c96240435c36da?s=96&d=mm&r=g","caption":"gara12"},"sameAs":["https:\/\/coreplus.wpengine.com"],"url":"https:\/\/corepluspr.com\/es\/posts\/author\/gara12\/"}]}},"_links":{"self":[{"href":"https:\/\/corepluspr.com\/es\/wp-json\/wp\/v2\/posts\/2703","targetHints":{"allow":["GET"]}}],"collection":[{"href":"https:\/\/corepluspr.com\/es\/wp-json\/wp\/v2\/posts"}],"about":[{"href":"https:\/\/corepluspr.com\/es\/wp-json\/wp\/v2\/types\/post"}],"author":[{"embeddable":true,"href":"https:\/\/corepluspr.com\/es\/wp-json\/wp\/v2\/users\/1"}],"replies":[{"embeddable":true,"href":"https:\/\/corepluspr.com\/es\/wp-json\/wp\/v2\/comments?post=2703"}],"version-history":[{"count":0,"href":"https:\/\/corepluspr.com\/es\/wp-json\/wp\/v2\/posts\/2703\/revisions"}],"wp:featuredmedia":[{"embeddable":true,"href":"https:\/\/corepluspr.com\/es\/wp-json\/wp\/v2\/media\/3436"}],"wp:attachment":[{"href":"https:\/\/corepluspr.com\/es\/wp-json\/wp\/v2\/media?parent=2703"}],"wp:term":[{"taxonomy":"category","embeddable":true,"href":"https:\/\/corepluspr.com\/es\/wp-json\/wp\/v2\/categories?post=2703"},{"taxonomy":"post_tag","embeddable":true,"href":"https:\/\/corepluspr.com\/es\/wp-json\/wp\/v2\/tags?post=2703"}],"curies":[{"name":"wp","href":"https:\/\/api.w.org\/{rel}","templated":true}]}}